{"id":377,"date":"2023-09-05T10:34:42","date_gmt":"2023-09-05T13:34:42","guid":{"rendered":"https:\/\/kitescolarsaopaulo.com.br\/blog\/?p=377"},"modified":"2025-04-24T11:22:37","modified_gmt":"2025-04-24T14:22:37","slug":"auxilio-uniforme-prefeitura-sp","status":"publish","type":"post","link":"https:\/\/kitescolarsaopaulo.com.br\/blog\/auxilio-uniforme-prefeitura-sp\/","title":{"rendered":"Uniformes escolares da rede p\u00fablica de SP"},"content":{"rendered":"<p style=\"font-weight: 400;\"><span style=\"font-weight: 400;\">Os uniformes escolares desempenham um papel importante na constru\u00e7\u00e3o de uma atmosfera educacional positiva e inclusiva. Na rede p\u00fablica de ensino de S\u00e3o Paulo, eles s\u00e3o mais do que meros itens de roupa; s\u00e3o um s\u00edmbolo da comunidade escolar.<\/span><\/p>\n<p style=\"font-weight: 400;\"><span style=\"font-weight: 400;\">Neste artigo, exploraremos as perguntas mais frequentes sobre o fardamento escolar e o aux\u00edlio uniforme da Prefeitura de SP. Nosso objetivo \u00e9 fornecer clareza e compreens\u00e3o a respeito de um tema essencial para pais, respons\u00e1veis e, naturalmente, para os pr\u00f3prios alunos.<\/span><\/p>\n<h2><span style=\"font-weight: 400;\">Por que as escolas t\u00eam uniforme escolar?<\/span><\/h2>\n<p style=\"font-weight: 400;\"><span style=\"font-weight: 400;\">A ado\u00e7\u00e3o de trajes padronizados nas escolas tem uma longa hist\u00f3ria que remonta a s\u00e9culos atr\u00e1s. As institui\u00e7\u00f5es de ensino os adotam por uma variedade de raz\u00f5es. Algumas das principais justificativas incluem:<\/span><\/p>\n<ul style=\"font-weight: 400;\">\n<li style=\"font-weight: 400;\" aria-level=\"1\"><a href=\"https:\/\/kitescolarsaopaulo.com.br\/blog\/por-que-importante-utilizar-uniformes-escolares\/\" target=\"_blank\" rel=\"noopener\"><span style=\"font-weight: 400;\">Igualdade e inclus\u00e3o<\/span><\/a><span style=\"font-weight: 400;\">;<\/span><\/li>\n<li style=\"font-weight: 400;\" aria-level=\"1\"><span style=\"font-weight: 400;\">Identidade;<\/span><\/li>\n<li style=\"font-weight: 400;\" aria-level=\"1\"><span style=\"font-weight: 400;\">Foco no aprendizado;<\/span><\/li>\n<li style=\"font-weight: 400;\" aria-level=\"1\"><span style=\"font-weight: 400;\">Seguran\u00e7a;<\/span><\/li>\n<li style=\"font-weight: 400;\" aria-level=\"1\"><span style=\"font-weight: 400;\">Disciplina e profissionalismo;<\/span><\/li>\n<li style=\"font-weight: 400;\" aria-level=\"1\"><span style=\"font-weight: 400;\">Economia para os pais.<\/span><\/li>\n<\/ul>\n<h2><span style=\"font-weight: 400;\">O uniforme escolar \u00e9 obrigat\u00f3rio em todas as escolas de SP?<\/span><\/h2>\n<p style=\"font-weight: 400;\"><span style=\"font-weight: 400;\">Na rede p\u00fablica de S\u00e3o Paulo, a quest\u00e3o do uso de uniforme escolar assume uma natureza flex\u00edvel, pois sua ado\u00e7\u00e3o \u00e9 moldada pelas diretrizes particulares de cada institui\u00e7\u00e3o e pelas diretrizes estabelecidas pelo \u00f3rg\u00e3o estadual respons\u00e1vel pela educa\u00e7\u00e3o.<\/span><\/p>\n<p style=\"font-weight: 400;\"><span style=\"font-weight: 400;\">Certas escolas da rede p\u00fablica optam por ter uniformes obrigat\u00f3rios como parte de suas diretrizes, visando promover a igualdade entre os alunos, criar um ambiente mais focado no aprendizado e refor\u00e7ar a identidade institucional. Todavia, outros col\u00e9gios aceitam que os alunos usem roupas regulares, desde que sigam um c\u00f3digo de vestimenta apropriado.<\/span><\/p>\n<p style=\"font-weight: 400;\"><span style=\"font-weight: 400;\">Para obter informa\u00e7\u00f5es espec\u00edficas e realizar uma comunica\u00e7\u00e3o efetiva sobre a pol\u00edtica de fardamento em uma escola da rede p\u00fablica de SP, \u00e9 recomend\u00e1vel entrar em contato diretamente com a institui\u00e7\u00e3o de ensino.<\/span><\/p>\n<h2><span style=\"font-weight: 400;\">Os alunos podem personalizar o uniforme escolar?<\/span><\/h2>\n<p style=\"font-weight: 400;\"><span style=\"font-weight: 400;\">A possibilidade de personalizar o uniforme escolar pode variar de acordo com as pol\u00edticas individuais de cada institui\u00e7\u00e3o de ensino. Alguns col\u00e9gios podem permitir certos n\u00edveis de personaliza\u00e7\u00e3o, enquanto outros podem ter diretrizes mais r\u00edgidas em rela\u00e7\u00e3o ao fardamento.<\/span><\/p>\n<p style=\"font-weight: 400;\"><span style=\"font-weight: 400;\">Em muitos casos, \u00e9 permitido realizar pequenas personaliza\u00e7\u00f5es como gravatas, la\u00e7os, pulseiras ou broches, objetos que n\u00e3o comprometam a natureza da vestimenta. Por\u00e9m, modifica\u00e7\u00f5es substanciais, como alterar as cores, o estilo, ou adicionar logotipos n\u00e3o autorizados, podem ser desencorajadas e at\u00e9 proibidas.<\/span><\/p>\n<h2><span style=\"font-weight: 400;\">O que \u00e9 o aux\u00edlio uniforme escolar da Prefeitura de SP?<\/span><\/h2>\n<p style=\"font-weight: 400;\"><span style=\"font-weight: 400;\">O aux\u00edlio uniforme representa uma medida estrat\u00e9gica promovida pelo Governo de S\u00e3o Paulo, tendo como alvo central a concess\u00e3o de recursos financeiros voltados \u00e0 aquisi\u00e7\u00e3o de fardas escolares. Como parte desse programa, \u00e9 disponibilizado um valor destinado especialmente aos estudantes oriundos de fam\u00edlias com recursos financeiros limitados.<\/span><\/p>\n<p style=\"font-weight: 400;\"><span style=\"font-weight: 400;\">Esse subs\u00eddio visa garantir que esses estudantes tenham a possibilidade de comparecer \u00e0s atividades escolares devidamente uniformizados. Essa iniciativa reflete o compromisso em assegurar igualdade de acesso \u00e0 educa\u00e7\u00e3o e proporcionar aos alunos a chance de participar da jornada acad\u00eamica, apesar de suas circunst\u00e2ncias socioecon\u00f4micas.<\/span><\/p>\n<h2><span style=\"font-weight: 400;\">Perguntas frequentes sobre o fardamento escolar e o aux\u00edlio uniforme da Prefeitura de SP<\/span><\/h2>\n<p style=\"font-weight: 400;\"><span style=\"font-weight: 400;\">A seguir, listaremos as perguntas mais frequentes relacionadas ao programa de uniformes escolares de S\u00e3o Paulo, visando esclarecer todas as d\u00favidas para aqueles que buscam conhecimento sobre esse aspecto da educa\u00e7\u00e3o p\u00fablica.<\/span><\/p>\n<h3><span style=\"font-weight: 400;\">Quais s\u00e3o os benef\u00edcios de usar uniforme escolar?<\/span><\/h3>\n<p style=\"font-weight: 400;\"><span style=\"font-weight: 400;\">Os uniformes escolares desempenham um papel multifacetado no cen\u00e1rio educacional. Sua import\u00e2ncia pode ser justificada por diversos motivos, como:<\/span><\/p>\n<ul style=\"font-weight: 400;\">\n<li style=\"font-weight: 400;\" aria-level=\"1\"><span style=\"font-weight: 400;\">Reduz as press\u00f5es sociais;<\/span><\/li>\n<li style=\"font-weight: 400;\" aria-level=\"1\"><span style=\"font-weight: 400;\">Cria um senso de pertencimento;<\/span><\/li>\n<li style=\"font-weight: 400;\" aria-level=\"1\"><span style=\"font-weight: 400;\">Proporciona seguran\u00e7a;\u00a0<\/span><\/li>\n<li style=\"font-weight: 400;\" aria-level=\"1\"><span style=\"font-weight: 400;\">Desenvolve um esp\u00edrito de equipe;<\/span><\/li>\n<li style=\"font-weight: 400;\" aria-level=\"1\"><span style=\"font-weight: 400;\">Prepara para o ambiente de trabalho.<\/span><\/li>\n<\/ul>\n<h3><span style=\"font-weight: 400;\">As escolas da rede p\u00fablica de SP podem impor penalidades por viola\u00e7\u00f5es no c\u00f3digo do uniforme escolar?<\/span><\/h3>\n<p style=\"font-weight: 400;\"><span style=\"font-weight: 400;\">Sim, as escolas da rede p\u00fablica de S\u00e3o Paulo t\u00eam a autoridade de impor penalidades por viola\u00e7\u00f5es do c\u00f3digo de vestimenta do uniforme escolar. Se um aluno violar essas regras, a institui\u00e7\u00e3o de ensino pode aplicar san\u00e7\u00f5es apropriadas, que podem variar de advert\u00eancias verbais a medidas disciplinares mais formais, de acordo com as pol\u00edticas do col\u00e9gio.<\/span><\/p>\n<p style=\"font-weight: 400;\"><span style=\"font-weight: 400;\">Cada escola pode ter suas pr\u00f3prias pol\u00edticas e procedimentos em rela\u00e7\u00e3o \u00e0s viola\u00e7\u00f5es desse c\u00f3digo; por isso, \u00e9 aconselh\u00e1vel consultar o regulamento da institui\u00e7\u00e3o para entender claramente quais s\u00e3o as expectativas e as poss\u00edveis consequ\u00eancias em caso de infra\u00e7\u00f5es.<\/span><\/p>\n<h3><span style=\"font-weight: 400;\">Com que frequ\u00eancia os uniformes escolares devem ser lavados?<\/span><\/h3>\n<p style=\"font-weight: 400;\"><span style=\"font-weight: 400;\">A frequ\u00eancia com que os uniformes escolares devem ser lavados pode variar dependendo de fatores como o clima, as atividades di\u00e1rias e o conforto do aluno. No entanto, como uma orienta\u00e7\u00e3o geral, \u00e9 recomend\u00e1vel lavar os uniformes ap\u00f3s serem usados 3 vezes seguidas, especialmente se estiverem sujos, manchados ou cheirando mal.<\/span><\/p>\n<h3><span style=\"font-weight: 400;\">Como evitar que as cores do uniforme escolar desbotem ap\u00f3s v\u00e1rias lavagens?<\/span><\/h3>\n<p style=\"font-weight: 400;\"><span style=\"font-weight: 400;\">Geralmente, depois de v\u00e1rias lavagens, as cores do <\/span><a href=\"https:\/\/kitescolarsaopaulo.com.br\/blog\/dicas-uniformes-escolares-desgastem\/\" target=\"_blank\" rel=\"noopener\"><span style=\"font-weight: 400;\">uniforme escolar<\/span><\/a><span style=\"font-weight: 400;\"> tendem a desbotar. Para evitar que isso aconte\u00e7a com as fardas escolares, aqui est\u00e3o algumas dicas \u00fateis para fazer manter e aumentar a vida \u00fatil da vestimenta:<\/span><\/p>\n<ul style=\"font-weight: 400;\">\n<li style=\"font-weight: 400;\" aria-level=\"1\"><span style=\"font-weight: 400;\">Separe as cores;<\/span><\/li>\n<li style=\"font-weight: 400;\" aria-level=\"1\"><span style=\"font-weight: 400;\">D\u00ea prefer\u00eancia em lavar as pe\u00e7as \u00e0 m\u00e3o;<\/span><\/li>\n<li style=\"font-weight: 400;\" aria-level=\"1\"><span style=\"font-weight: 400;\">Lave em \u00e1gua fria;<\/span><\/li>\n<li style=\"font-weight: 400;\" aria-level=\"1\"><span style=\"font-weight: 400;\">Use sab\u00e3o suave;<\/span><\/li>\n<li style=\"font-weight: 400;\" aria-level=\"1\"><span style=\"font-weight: 400;\">Vire o uniforme do avesso antes de lavar;<\/span><\/li>\n<li style=\"font-weight: 400;\" aria-level=\"1\"><span style=\"font-weight: 400;\">Evite secar ao sol.<\/span><\/li>\n<\/ul>\n<h3><span style=\"font-weight: 400;\">Quem tem direito a receber o aux\u00edlio uniforme escolar da Prefeitura de SP?<\/span><\/h3>\n<p style=\"font-weight: 400;\"><span style=\"font-weight: 400;\">Normalmente, o aux\u00edlio \u00e9 direcionado a fam\u00edlias de baixa renda que atendem a determinados requisitos. Dentre os principais, \u00e9 poss\u00edvel citar alguns fatores que se destacam, tais como:<\/span><\/p>\n<ul style=\"font-weight: 400;\">\n<li style=\"font-weight: 400;\" aria-level=\"1\"><span style=\"font-weight: 400;\">Renda familiar per capita;<\/span><\/li>\n<li style=\"font-weight: 400;\" aria-level=\"1\"><span style=\"font-weight: 400;\">Inscri\u00e7\u00e3o em programas de assist\u00eancia social;<\/span><\/li>\n<li style=\"font-weight: 400;\" aria-level=\"1\"><span style=\"font-weight: 400;\">Participa\u00e7\u00e3o em programas de transfer\u00eancia de renda.<\/span><\/li>\n<\/ul>\n<h3><span style=\"font-weight: 400;\">O que vem no kit uniforme da Prefeitura de SP?<\/span><\/h3>\n<p style=\"font-weight: 400;\"><span style=\"font-weight: 400;\">A fam\u00edlia tem a liberdade de comprar a quantidade que considerar apropriada, desde que o valor do aux\u00edlio n\u00e3o seja excedido. Isso significa que podem ser comprados m\u00faltiplos itens de uma categoria e menos de outra. Por exemplo, a Prefeitura de S\u00e3o Paulo oferece um conjunto de uniforme que inclui:<\/span><\/p>\n<ul style=\"font-weight: 400;\">\n<li style=\"font-weight: 400;\" aria-level=\"1\"><span style=\"font-weight: 400;\">5 camisetas;<\/span><\/li>\n<li style=\"font-weight: 400;\" aria-level=\"1\"><span style=\"font-weight: 400;\">1 par de t\u00eanis;<\/span><\/li>\n<li style=\"font-weight: 400;\" aria-level=\"1\"><span style=\"font-weight: 400;\">1 <\/span><span style=\"font-weight: 400;\">be<\/span><span style=\"font-weight: 400;\">r<\/span><span style=\"font-weight: 400;\">muda<\/span><span style=\"font-weight: 400;\">;<\/span><\/li>\n<li style=\"font-weight: 400;\" aria-level=\"1\"><span style=\"font-weight: 400;\">1 blus\u00e3o de moletom;<\/span><\/li>\n<li style=\"font-weight: 400;\" aria-level=\"1\"><span style=\"font-weight: 400;\">1 conjunto de jaqueta e cal\u00e7a;<\/span><\/li>\n<li style=\"font-weight: 400;\" aria-level=\"1\"><span style=\"font-weight: 400;\">5 pares de meia.<\/span><\/li>\n<\/ul>\n<h3><span style=\"font-weight: 400;\">Qual o valor do aux\u00edlio uniforme escolar da Prefeitura de SP?<\/span><\/h3>\n<p style=\"font-weight: 400;\"><span style=\"font-weight: 400;\">Somente os alunos que estejam na educa\u00e7\u00e3o infantil at\u00e9 o ensino fundamental podem receber o aux\u00edlio uniforme. Cada aluno receber\u00e1 um benef\u00edcio no montante de R$ 573,53, dos quais R$ 481,59 correspondem \u00e0s vestimentas e R$ 91,94, aos cal\u00e7ados.<\/span><\/p>\n<h3><span style=\"font-weight: 400;\">Como solicitar o aux\u00edlio uniforme escolar da Prefeitura de SP?<\/span><\/h3>\n<p style=\"font-weight: 400;\"><span style=\"font-weight: 400;\">O acesso para solicitar o aux\u00edlio uniforme escolar estar\u00e1 dispon\u00edvel atrav\u00e9s da utiliza\u00e7\u00e3o do aplicativo Kit Escolar <\/span><a href=\"https:\/\/kitescolarsaopaulo.com.br\/blog\/aplicativo-duepay\/\" target=\"_blank\" rel=\"noopener\"><span style=\"font-weight: 400;\">DUEPAY<\/span><\/a><span style=\"font-weight: 400;\">, instal\u00e1vel em qualquer smartphone. O respons\u00e1vel legal pelo aluno inscrito na institui\u00e7\u00e3o de ensino, s\u00f3 precisa ter o CPF registrado no sistema da escola, que est\u00e1 vinculado \u00e0 base de dados da Secretaria Municipal de Educa\u00e7\u00e3o de SP.<\/span><\/p>\n<p style=\"font-weight: 400;\"><span style=\"font-weight: 400;\">Agora que voc\u00ea j\u00e1 adquiriu um entendimento mais abrangente sobre o fardamento escolar e o aux\u00edlio uniforme na rede p\u00fablica de SP, compartilhe este artigo em todas as suas redes sociais para que seus familiares e amigos fiquem cientes dos benef\u00edcios dispon\u00edveis para os estudantes.<\/span><\/p>\n","protected":false},"excerpt":{"rendered":"<p>Os uniformes escolares desempenham um papel importante na constru\u00e7\u00e3o de uma atmosfera educacional positiva e inclusiva. Na rede p\u00fablica de ensino de S\u00e3o Paulo, eles s\u00e3o mais do que meros itens de roupa; s\u00e3o um s\u00edmbolo da comunidade escolar. Neste artigo, exploraremos as perguntas mais frequentes sobre o fardamento escolar e o aux\u00edlio uniforme da&#8230;<\/p>\n","protected":false},"author":1,"featured_media":380,"comment_status":"open","ping_status":"open","sticky":false,"template":"","format":"standard","meta":{"footnotes":""},"categories":[14,1,7],"tags":[],"class_list":["post-377","post","type-post","status-publish","format-standard","has-post-thumbnail","hentry","category-auxilio-uniforme-de-sp","category-sem-categoria","category-uniformes-escolares"],"yoast_head":"<!-- This site is optimized with the Yoast SEO Premium plugin v25.8 (Yoast SEO v25.8) - https:\/\/yoast.com\/wordpress\/plugins\/seo\/ -->\n<title>Uniformes escolares da rede p\u00fablica de SP<\/title>\n<meta name=\"description\" content=\"Os uniformes escolares desempenham um papel importante na constru\u00e7\u00e3o de uma atmosfera educacional positiva e inclusiva. Na rede p\u00fablica de ensino de S\u00e3o\" \/>\n<meta name=\"robots\" content=\"index, follow, max-snippet:-1, max-image-preview:large, max-video-preview:-1\" \/>\n<link rel=\"canonical\" href=\"https:\/\/kitescolarsaopaulo.com.br\/blog\/auxilio-uniforme-prefeitura-sp\/\" \/>\n<meta property=\"og:locale\" content=\"pt_BR\" \/>\n<meta property=\"og:type\" content=\"article\" \/>\n<meta property=\"og:title\" content=\"Uniformes escolares da rede p\u00fablica de SP\" \/>\n<meta property=\"og:description\" content=\"Os uniformes escolares desempenham um papel importante na constru\u00e7\u00e3o de uma atmosfera educacional positiva e inclusiva. Na rede p\u00fablica de ensino de S\u00e3o\" \/>\n<meta property=\"og:url\" content=\"https:\/\/kitescolarsaopaulo.com.br\/blog\/auxilio-uniforme-prefeitura-sp\/\" \/>\n<meta property=\"og:site_name\" content=\"Kit Escolar S\u00e3o Paulo\" \/>\n<meta property=\"article:published_time\" content=\"2023-09-05T13:34:42+00:00\" \/>\n<meta property=\"article:modified_time\" content=\"2025-04-24T14:22:37+00:00\" \/>\n<meta property=\"og:image\" content=\"https:\/\/kitescolarsaopaulo.com.br\/blog\/wp-content\/uploads\/2023\/09\/perguntas-fardamento-escolar-auxilio-uniforme-prefeitura-sp-scaled.jpg\" \/>\n\t<meta property=\"og:image:width\" content=\"2560\" \/>\n\t<meta property=\"og:image:height\" content=\"1440\" \/>\n\t<meta property=\"og:image:type\" content=\"image\/jpeg\" \/>\n<meta name=\"author\" content=\"Kit Escolar SP\" \/>\n<meta name=\"twitter:card\" content=\"summary_large_image\" \/>\n<meta name=\"twitter:label1\" content=\"Escrito por\" \/>\n\t<meta name=\"twitter:data1\" content=\"Kit Escolar SP\" \/>\n\t<meta name=\"twitter:label2\" content=\"Est. tempo de leitura\" \/>\n\t<meta name=\"twitter:data2\" content=\"7 minutos\" \/>\n<script type=\"application\/ld+json\" class=\"yoast-schema-graph\">{\"@context\":\"https:\/\/schema.org\",\"@graph\":[{\"@type\":\"Article\",\"@id\":\"https:\/\/kitescolarsaopaulo.com.br\/blog\/auxilio-uniforme-prefeitura-sp\/#article\",\"isPartOf\":{\"@id\":\"https:\/\/kitescolarsaopaulo.com.br\/blog\/auxilio-uniforme-prefeitura-sp\/\"},\"author\":{\"name\":\"Kit Escolar SP\",\"@id\":\"https:\/\/kitescolarsaopaulo.com.br\/blog\/#\/schema\/person\/a6a88261cea3313327d74b9b0d61fc3d\"},\"headline\":\"Uniformes escolares da rede p\u00fablica de SP\",\"datePublished\":\"2023-09-05T13:34:42+00:00\",\"dateModified\":\"2025-04-24T14:22:37+00:00\",\"mainEntityOfPage\":{\"@id\":\"https:\/\/kitescolarsaopaulo.com.br\/blog\/auxilio-uniforme-prefeitura-sp\/\"},\"wordCount\":1242,\"commentCount\":0,\"publisher\":{\"@id\":\"https:\/\/kitescolarsaopaulo.com.br\/blog\/#organization\"},\"image\":{\"@id\":\"https:\/\/kitescolarsaopaulo.com.br\/blog\/auxilio-uniforme-prefeitura-sp\/#primaryimage\"},\"thumbnailUrl\":\"https:\/\/kitescolarsaopaulo.com.br\/blog\/wp-content\/uploads\/2023\/09\/perguntas-fardamento-escolar-auxilio-uniforme-prefeitura-sp-scaled.jpg\",\"articleSection\":{\"0\":\"Aux\u00edlio uniforme de SP\",\"2\":\"Uniformes Escolares\"},\"inLanguage\":\"pt-BR\",\"potentialAction\":[{\"@type\":\"CommentAction\",\"name\":\"Comment\",\"target\":[\"https:\/\/kitescolarsaopaulo.com.br\/blog\/auxilio-uniforme-prefeitura-sp\/#respond\"]}]},{\"@type\":\"WebPage\",\"@id\":\"https:\/\/kitescolarsaopaulo.com.br\/blog\/auxilio-uniforme-prefeitura-sp\/\",\"url\":\"https:\/\/kitescolarsaopaulo.com.br\/blog\/auxilio-uniforme-prefeitura-sp\/\",\"name\":\"Uniformes escolares da rede p\u00fablica de SP\",\"isPartOf\":{\"@id\":\"https:\/\/kitescolarsaopaulo.com.br\/blog\/#website\"},\"primaryImageOfPage\":{\"@id\":\"https:\/\/kitescolarsaopaulo.com.br\/blog\/auxilio-uniforme-prefeitura-sp\/#primaryimage\"},\"image\":{\"@id\":\"https:\/\/kitescolarsaopaulo.com.br\/blog\/auxilio-uniforme-prefeitura-sp\/#primaryimage\"},\"thumbnailUrl\":\"https:\/\/kitescolarsaopaulo.com.br\/blog\/wp-content\/uploads\/2023\/09\/perguntas-fardamento-escolar-auxilio-uniforme-prefeitura-sp-scaled.jpg\",\"datePublished\":\"2023-09-05T13:34:42+00:00\",\"dateModified\":\"2025-04-24T14:22:37+00:00\",\"description\":\"Os uniformes escolares desempenham um papel importante na constru\u00e7\u00e3o de uma atmosfera educacional positiva e inclusiva. Na rede p\u00fablica de ensino de S\u00e3o\",\"breadcrumb\":{\"@id\":\"https:\/\/kitescolarsaopaulo.com.br\/blog\/auxilio-uniforme-prefeitura-sp\/#breadcrumb\"},\"inLanguage\":\"pt-BR\",\"potentialAction\":[{\"@type\":\"ReadAction\",\"target\":[\"https:\/\/kitescolarsaopaulo.com.br\/blog\/auxilio-uniforme-prefeitura-sp\/\"]}]},{\"@type\":\"ImageObject\",\"inLanguage\":\"pt-BR\",\"@id\":\"https:\/\/kitescolarsaopaulo.com.br\/blog\/auxilio-uniforme-prefeitura-sp\/#primaryimage\",\"url\":\"https:\/\/kitescolarsaopaulo.com.br\/blog\/wp-content\/uploads\/2023\/09\/perguntas-fardamento-escolar-auxilio-uniforme-prefeitura-sp-scaled.jpg\",\"contentUrl\":\"https:\/\/kitescolarsaopaulo.com.br\/blog\/wp-content\/uploads\/2023\/09\/perguntas-fardamento-escolar-auxilio-uniforme-prefeitura-sp-scaled.jpg\",\"width\":2560,\"height\":1440,\"caption\":\"Duepay-kit-escolar\"},{\"@type\":\"BreadcrumbList\",\"@id\":\"https:\/\/kitescolarsaopaulo.com.br\/blog\/auxilio-uniforme-prefeitura-sp\/#breadcrumb\",\"itemListElement\":[{\"@type\":\"ListItem\",\"position\":1,\"name\":\"In\u00edcio\",\"item\":\"https:\/\/kitescolarsaopaulo.com.br\/blog\/\"},{\"@type\":\"ListItem\",\"position\":2,\"name\":\"Uniformes escolares da rede p\u00fablica de SP\"}]},{\"@type\":\"WebSite\",\"@id\":\"https:\/\/kitescolarsaopaulo.com.br\/blog\/#website\",\"url\":\"https:\/\/kitescolarsaopaulo.com.br\/blog\/\",\"name\":\"Kit Escolar S\u00e3o Paulo\",\"description\":\"Material Escolar e Uniforme Escolar da Prefeitura de S\u00e3o Paulo\",\"publisher\":{\"@id\":\"https:\/\/kitescolarsaopaulo.com.br\/blog\/#organization\"},\"potentialAction\":[{\"@type\":\"SearchAction\",\"target\":{\"@type\":\"EntryPoint\",\"urlTemplate\":\"https:\/\/kitescolarsaopaulo.com.br\/blog\/?s={search_term_string}\"},\"query-input\":{\"@type\":\"PropertyValueSpecification\",\"valueRequired\":true,\"valueName\":\"search_term_string\"}}],\"inLanguage\":\"pt-BR\"},{\"@type\":\"Organization\",\"@id\":\"https:\/\/kitescolarsaopaulo.com.br\/blog\/#organization\",\"name\":\"Kit Escolar S\u00e3o Paulo\",\"url\":\"https:\/\/kitescolarsaopaulo.com.br\/blog\/\",\"logo\":{\"@type\":\"ImageObject\",\"inLanguage\":\"pt-BR\",\"@id\":\"https:\/\/kitescolarsaopaulo.com.br\/blog\/#\/schema\/logo\/image\/\",\"url\":\"https:\/\/kitescolarsaopaulo.com.br\/blog\/wp-content\/uploads\/2023\/05\/logomarca-kit-escolar-1.png\",\"contentUrl\":\"https:\/\/kitescolarsaopaulo.com.br\/blog\/wp-content\/uploads\/2023\/05\/logomarca-kit-escolar-1.png\",\"width\":194,\"height\":104,\"caption\":\"Kit Escolar S\u00e3o Paulo\"},\"image\":{\"@id\":\"https:\/\/kitescolarsaopaulo.com.br\/blog\/#\/schema\/logo\/image\/\"},\"sameAs\":[\"https:\/\/www.instagram.com\/kitescolarsp\/\"]},{\"@type\":\"Person\",\"@id\":\"https:\/\/kitescolarsaopaulo.com.br\/blog\/#\/schema\/person\/a6a88261cea3313327d74b9b0d61fc3d\",\"name\":\"Kit Escolar SP\",\"image\":{\"@type\":\"ImageObject\",\"inLanguage\":\"pt-BR\",\"@id\":\"https:\/\/kitescolarsaopaulo.com.br\/blog\/#\/schema\/person\/image\/\",\"url\":\"https:\/\/secure.gravatar.com\/avatar\/42290ed59be08a6d4342929af77e5b50ac62cd60b49756e71a994fbd88fca521?s=96&d=mm&r=g\",\"contentUrl\":\"https:\/\/secure.gravatar.com\/avatar\/42290ed59be08a6d4342929af77e5b50ac62cd60b49756e71a994fbd88fca521?s=96&d=mm&r=g\",\"caption\":\"Kit Escolar SP\"},\"sameAs\":[\"https:\/\/kitescolarsaopaulo.com.br\/blog\"],\"url\":\"https:\/\/kitescolarsaopaulo.com.br\/blog\/author\/cristiane-wp\/\"}]}<\/script>\n<!-- \/ Yoast SEO Premium plugin. -->","yoast_head_json":{"title":"Uniformes escolares da rede p\u00fablica de SP","description":"Os uniformes escolares desempenham um papel importante na constru\u00e7\u00e3o de uma atmosfera educacional positiva e inclusiva. Na rede p\u00fablica de ensino de S\u00e3o","robots":{"index":"index","follow":"follow","max-snippet":"max-snippet:-1","max-image-preview":"max-image-preview:large","max-video-preview":"max-video-preview:-1"},"canonical":"https:\/\/kitescolarsaopaulo.com.br\/blog\/auxilio-uniforme-prefeitura-sp\/","og_locale":"pt_BR","og_type":"article","og_title":"Uniformes escolares da rede p\u00fablica de SP","og_description":"Os uniformes escolares desempenham um papel importante na constru\u00e7\u00e3o de uma atmosfera educacional positiva e inclusiva. Na rede p\u00fablica de ensino de S\u00e3o","og_url":"https:\/\/kitescolarsaopaulo.com.br\/blog\/auxilio-uniforme-prefeitura-sp\/","og_site_name":"Kit Escolar S\u00e3o Paulo","article_published_time":"2023-09-05T13:34:42+00:00","article_modified_time":"2025-04-24T14:22:37+00:00","og_image":[{"width":2560,"height":1440,"url":"https:\/\/kitescolarsaopaulo.com.br\/blog\/wp-content\/uploads\/2023\/09\/perguntas-fardamento-escolar-auxilio-uniforme-prefeitura-sp-scaled.jpg","type":"image\/jpeg"}],"author":"Kit Escolar SP","twitter_card":"summary_large_image","twitter_misc":{"Escrito por":"Kit Escolar SP","Est. tempo de leitura":"7 minutos"},"schema":{"@context":"https:\/\/schema.org","@graph":[{"@type":"Article","@id":"https:\/\/kitescolarsaopaulo.com.br\/blog\/auxilio-uniforme-prefeitura-sp\/#article","isPartOf":{"@id":"https:\/\/kitescolarsaopaulo.com.br\/blog\/auxilio-uniforme-prefeitura-sp\/"},"author":{"name":"Kit Escolar SP","@id":"https:\/\/kitescolarsaopaulo.com.br\/blog\/#\/schema\/person\/a6a88261cea3313327d74b9b0d61fc3d"},"headline":"Uniformes escolares da rede p\u00fablica de SP","datePublished":"2023-09-05T13:34:42+00:00","dateModified":"2025-04-24T14:22:37+00:00","mainEntityOfPage":{"@id":"https:\/\/kitescolarsaopaulo.com.br\/blog\/auxilio-uniforme-prefeitura-sp\/"},"wordCount":1242,"commentCount":0,"publisher":{"@id":"https:\/\/kitescolarsaopaulo.com.br\/blog\/#organization"},"image":{"@id":"https:\/\/kitescolarsaopaulo.com.br\/blog\/auxilio-uniforme-prefeitura-sp\/#primaryimage"},"thumbnailUrl":"https:\/\/kitescolarsaopaulo.com.br\/blog\/wp-content\/uploads\/2023\/09\/perguntas-fardamento-escolar-auxilio-uniforme-prefeitura-sp-scaled.jpg","articleSection":{"0":"Aux\u00edlio uniforme de SP","2":"Uniformes Escolares"},"inLanguage":"pt-BR","potentialAction":[{"@type":"CommentAction","name":"Comment","target":["https:\/\/kitescolarsaopaulo.com.br\/blog\/auxilio-uniforme-prefeitura-sp\/#respond"]}]},{"@type":"WebPage","@id":"https:\/\/kitescolarsaopaulo.com.br\/blog\/auxilio-uniforme-prefeitura-sp\/","url":"https:\/\/kitescolarsaopaulo.com.br\/blog\/auxilio-uniforme-prefeitura-sp\/","name":"Uniformes escolares da rede p\u00fablica de SP","isPartOf":{"@id":"https:\/\/kitescolarsaopaulo.com.br\/blog\/#website"},"primaryImageOfPage":{"@id":"https:\/\/kitescolarsaopaulo.com.br\/blog\/auxilio-uniforme-prefeitura-sp\/#primaryimage"},"image":{"@id":"https:\/\/kitescolarsaopaulo.com.br\/blog\/auxilio-uniforme-prefeitura-sp\/#primaryimage"},"thumbnailUrl":"https:\/\/kitescolarsaopaulo.com.br\/blog\/wp-content\/uploads\/2023\/09\/perguntas-fardamento-escolar-auxilio-uniforme-prefeitura-sp-scaled.jpg","datePublished":"2023-09-05T13:34:42+00:00","dateModified":"2025-04-24T14:22:37+00:00","description":"Os uniformes escolares desempenham um papel importante na constru\u00e7\u00e3o de uma atmosfera educacional positiva e inclusiva. Na rede p\u00fablica de ensino de S\u00e3o","breadcrumb":{"@id":"https:\/\/kitescolarsaopaulo.com.br\/blog\/auxilio-uniforme-prefeitura-sp\/#breadcrumb"},"inLanguage":"pt-BR","potentialAction":[{"@type":"ReadAction","target":["https:\/\/kitescolarsaopaulo.com.br\/blog\/auxilio-uniforme-prefeitura-sp\/"]}]},{"@type":"ImageObject","inLanguage":"pt-BR","@id":"https:\/\/kitescolarsaopaulo.com.br\/blog\/auxilio-uniforme-prefeitura-sp\/#primaryimage","url":"https:\/\/kitescolarsaopaulo.com.br\/blog\/wp-content\/uploads\/2023\/09\/perguntas-fardamento-escolar-auxilio-uniforme-prefeitura-sp-scaled.jpg","contentUrl":"https:\/\/kitescolarsaopaulo.com.br\/blog\/wp-content\/uploads\/2023\/09\/perguntas-fardamento-escolar-auxilio-uniforme-prefeitura-sp-scaled.jpg","width":2560,"height":1440,"caption":"Duepay-kit-escolar"},{"@type":"BreadcrumbList","@id":"https:\/\/kitescolarsaopaulo.com.br\/blog\/auxilio-uniforme-prefeitura-sp\/#breadcrumb","itemListElement":[{"@type":"ListItem","position":1,"name":"In\u00edcio","item":"https:\/\/kitescolarsaopaulo.com.br\/blog\/"},{"@type":"ListItem","position":2,"name":"Uniformes escolares da rede p\u00fablica de SP"}]},{"@type":"WebSite","@id":"https:\/\/kitescolarsaopaulo.com.br\/blog\/#website","url":"https:\/\/kitescolarsaopaulo.com.br\/blog\/","name":"Kit Escolar S\u00e3o Paulo","description":"Material Escolar e Uniforme Escolar da Prefeitura de S\u00e3o Paulo","publisher":{"@id":"https:\/\/kitescolarsaopaulo.com.br\/blog\/#organization"},"potentialAction":[{"@type":"SearchAction","target":{"@type":"EntryPoint","urlTemplate":"https:\/\/kitescolarsaopaulo.com.br\/blog\/?s={search_term_string}"},"query-input":{"@type":"PropertyValueSpecification","valueRequired":true,"valueName":"search_term_string"}}],"inLanguage":"pt-BR"},{"@type":"Organization","@id":"https:\/\/kitescolarsaopaulo.com.br\/blog\/#organization","name":"Kit Escolar S\u00e3o Paulo","url":"https:\/\/kitescolarsaopaulo.com.br\/blog\/","logo":{"@type":"ImageObject","inLanguage":"pt-BR","@id":"https:\/\/kitescolarsaopaulo.com.br\/blog\/#\/schema\/logo\/image\/","url":"https:\/\/kitescolarsaopaulo.com.br\/blog\/wp-content\/uploads\/2023\/05\/logomarca-kit-escolar-1.png","contentUrl":"https:\/\/kitescolarsaopaulo.com.br\/blog\/wp-content\/uploads\/2023\/05\/logomarca-kit-escolar-1.png","width":194,"height":104,"caption":"Kit Escolar S\u00e3o Paulo"},"image":{"@id":"https:\/\/kitescolarsaopaulo.com.br\/blog\/#\/schema\/logo\/image\/"},"sameAs":["https:\/\/www.instagram.com\/kitescolarsp\/"]},{"@type":"Person","@id":"https:\/\/kitescolarsaopaulo.com.br\/blog\/#\/schema\/person\/a6a88261cea3313327d74b9b0d61fc3d","name":"Kit Escolar SP","image":{"@type":"ImageObject","inLanguage":"pt-BR","@id":"https:\/\/kitescolarsaopaulo.com.br\/blog\/#\/schema\/person\/image\/","url":"https:\/\/secure.gravatar.com\/avatar\/42290ed59be08a6d4342929af77e5b50ac62cd60b49756e71a994fbd88fca521?s=96&d=mm&r=g","contentUrl":"https:\/\/secure.gravatar.com\/avatar\/42290ed59be08a6d4342929af77e5b50ac62cd60b49756e71a994fbd88fca521?s=96&d=mm&r=g","caption":"Kit Escolar SP"},"sameAs":["https:\/\/kitescolarsaopaulo.com.br\/blog"],"url":"https:\/\/kitescolarsaopaulo.com.br\/blog\/author\/cristiane-wp\/"}]}},"_links":{"self":[{"href":"https:\/\/kitescolarsaopaulo.com.br\/blog\/wp-json\/wp\/v2\/posts\/377","targetHints":{"allow":["GET"]}}],"collection":[{"href":"https:\/\/kitescolarsaopaulo.com.br\/blog\/wp-json\/wp\/v2\/posts"}],"about":[{"href":"https:\/\/kitescolarsaopaulo.com.br\/blog\/wp-json\/wp\/v2\/types\/post"}],"author":[{"embeddable":true,"href":"https:\/\/kitescolarsaopaulo.com.br\/blog\/wp-json\/wp\/v2\/users\/1"}],"replies":[{"embeddable":true,"href":"https:\/\/kitescolarsaopaulo.com.br\/blog\/wp-json\/wp\/v2\/comments?post=377"}],"version-history":[{"count":5,"href":"https:\/\/kitescolarsaopaulo.com.br\/blog\/wp-json\/wp\/v2\/posts\/377\/revisions"}],"predecessor-version":[{"id":3405,"href":"https:\/\/kitescolarsaopaulo.com.br\/blog\/wp-json\/wp\/v2\/posts\/377\/revisions\/3405"}],"wp:featuredmedia":[{"embeddable":true,"href":"https:\/\/kitescolarsaopaulo.com.br\/blog\/wp-json\/wp\/v2\/media\/380"}],"wp:attachment":[{"href":"https:\/\/kitescolarsaopaulo.com.br\/blog\/wp-json\/wp\/v2\/media?parent=377"}],"wp:term":[{"taxonomy":"category","embeddable":true,"href":"https:\/\/kitescolarsaopaulo.com.br\/blog\/wp-json\/wp\/v2\/categories?post=377"},{"taxonomy":"post_tag","embeddable":true,"href":"https:\/\/kitescolarsaopaulo.com.br\/blog\/wp-json\/wp\/v2\/tags?post=377"}],"curies":[{"name":"wp","href":"https:\/\/api.w.org\/{rel}","templated":true}]}}